{"id":4104,"date":"2025-09-01T04:47:56","date_gmt":"2025-09-01T02:47:56","guid":{"rendered":"https:\/\/online.com.ec\/fotosyvideos\/?p=4104"},"modified":"2025-09-01T04:49:59","modified_gmt":"2025-09-01T02:49:59","slug":"rodeo-montuvio-en-la-libertad-arenillas-2025","status":"publish","type":"post","link":"https:\/\/online.com.ec\/fotosyvideos\/2025\/09\/01\/rodeo-montuvio-en-la-libertad-arenillas-2025\/","title":{"rendered":"Rodeo montuvio en la Libertad, Arenillas &#8211; 2025"},"content":{"rendered":"\n<p>El 31\/agosto\/2025 se vivi\u00f3 una bonita experiencia de un peque\u00f1o rodeo montuvio. Lo que se puntu\u00f3 fue caracoleo, monte a cepa, lazo y pial. Los ganadores son:<\/p>\n\n\n\n<p>1er lugar Rancho Dom\u00e9nica, 23 puntos.<br>2do lugar Rancho La Pradera, 13 puntos.<br>3er lugar Rancho Alexa, 10 puntos.<\/p>\n\n\n\nngg_shortcode_0_placeholder\n\n\n\n<p><\/p>\n","protected":false},"excerpt":{"rendered":"<p>El 31\/agosto\/2025 se vivi\u00f3 una bonita experiencia de un peque\u00f1o rodeo montuvio. Lo que se puntu\u00f3 fue caracoleo, monte a cepa, lazo y pial. Los ganadores son: 1er lugar Rancho Dom\u00e9nica, 23 puntos.2do lugar Rancho La Pradera, 13 puntos.3er lugar&#8230; <a href=\"https:\/\/online.com.ec\/fotosyvideos\/2025\/09\/01\/rodeo-montuvio-en-la-libertad-arenillas-2025\/\" class=\"read-more\">Leer m\u00e1s<\/a><\/p>\n","protected":false},"author":2,"featured_media":4105,"comment_status":"open","ping_status":"open","sticky":false,"template":"","format":"standard","meta":{"ngg_post_thumbnail":3438,"footnotes":""},"categories":[29,69],"tags":[71,75,74,73,79,76,78,72],"class_list":["post-4104","post","type-post","status-publish","format-standard","has-post-thumbnail","hentry","category-celebraciones-especiales","category-fiestas-de-barrios-sitios-y-ciudadelas","tag-arenillas","tag-caballos","tag-el-oro","tag-la-libertad","tag-rancho-alexa","tag-rancho-domenica","tag-rancho-la-pradera","tag-rodeo-montuvio"],"yoast_head":"<!-- This site is optimized with the Yoast SEO plugin v25.6 - https:\/\/yoast.com\/wordpress\/plugins\/seo\/ -->\n<title>Rodeo montuvio en la Libertad, Arenillas - 2025 - Fotos y videos OnLine<\/title>\n<meta name=\"description\" content=\"Los ganadores son: 1er lugar Rancho Dom\u00e9nica, 23 puntos.2do lugar Rancho La Pradera, 13 puntos.3er lugar Rancho Alexa, 10 puntos.\" \/>\n<meta name=\"robots\" content=\"index, follow, max-snippet:-1, max-image-preview:large, max-video-preview:-1\" \/>\n<link rel=\"canonical\" href=\"https:\/\/online.com.ec\/fotosyvideos\/2025\/09\/01\/rodeo-montuvio-en-la-libertad-arenillas-2025\/\" \/>\n<meta property=\"og:locale\" content=\"es_ES\" \/>\n<meta property=\"og:type\" content=\"article\" \/>\n<meta property=\"og:title\" content=\"Rodeo montuvio en la Libertad, Arenillas - 2025\" \/>\n<meta property=\"og:description\" content=\"Los ganadores son: 1er lugar Rancho Dom\u00e9nica, 23 puntos.2do lugar Rancho La Pradera, 13 puntos.3er lugar Rancho Alexa, 10 puntos.\" \/>\n<meta property=\"og:url\" content=\"https:\/\/online.com.ec\/fotosyvideos\/2025\/09\/01\/rodeo-montuvio-en-la-libertad-arenillas-2025\/\" \/>\n<meta property=\"og:site_name\" content=\"Fotos y videos OnLine\" \/>\n<meta property=\"article:published_time\" content=\"2025-09-01T02:47:56+00:00\" \/>\n<meta property=\"article:modified_time\" content=\"2025-09-01T02:49:59+00:00\" \/>\n<meta property=\"og:image\" content=\"https:\/\/online.com.ec\/fotosyvideos\/wp-content\/uploads\/sites\/2\/2025\/09\/nggallery_import\/DSC05880-1024x576.jpg\" \/>\n\t<meta property=\"og:image:width\" content=\"1024\" \/>\n\t<meta property=\"og:image:height\" content=\"576\" \/>\n\t<meta property=\"og:image:type\" content=\"image\/jpeg\" \/>\n<meta name=\"author\" content=\"turcampo\" \/>\n<meta name=\"twitter:card\" content=\"summary_large_image\" \/>\n<meta name=\"twitter:label1\" content=\"Escrito por\" \/>\n\t<meta name=\"twitter:data1\" content=\"turcampo\" \/>\n<script type=\"application\/ld+json\" class=\"yoast-schema-graph\">{\"@context\":\"https:\/\/schema.org\",\"@graph\":[{\"@type\":\"Article\",\"@id\":\"https:\/\/online.com.ec\/fotosyvideos\/2025\/09\/01\/rodeo-montuvio-en-la-libertad-arenillas-2025\/#article\",\"isPartOf\":{\"@id\":\"https:\/\/online.com.ec\/fotosyvideos\/2025\/09\/01\/rodeo-montuvio-en-la-libertad-arenillas-2025\/\"},\"author\":{\"name\":\"turcampo\",\"@id\":\"https:\/\/online.com.ec\/fotosyvideos\/#\/schema\/person\/1d49157f3af828889dd99d80413c7586\"},\"headline\":\"Rodeo montuvio en la Libertad, Arenillas &#8211; 2025\",\"datePublished\":\"2025-09-01T02:47:56+00:00\",\"dateModified\":\"2025-09-01T02:49:59+00:00\",\"mainEntityOfPage\":{\"@id\":\"https:\/\/online.com.ec\/fotosyvideos\/2025\/09\/01\/rodeo-montuvio-en-la-libertad-arenillas-2025\/\"},\"wordCount\":59,\"commentCount\":0,\"publisher\":{\"@id\":\"https:\/\/online.com.ec\/fotosyvideos\/#\/schema\/person\/1d49157f3af828889dd99d80413c7586\"},\"image\":{\"@id\":\"https:\/\/online.com.ec\/fotosyvideos\/2025\/09\/01\/rodeo-montuvio-en-la-libertad-arenillas-2025\/#primaryimage\"},\"thumbnailUrl\":\"https:\/\/online.com.ec\/fotosyvideos\/wp-content\/uploads\/sites\/2\/2025\/09\/nggallery_import\/DSC05880.jpg\",\"keywords\":[\"Arenillas\",\"Caballos\",\"El Oro\",\"La Libertad\",\"Rancho Alexa\",\"Rancho Dom\u00e9nica\",\"Rancho La Pradera\",\"Rodeo montuvio\"],\"articleSection\":[\"Celebraciones especiales\",\"Fiestas de barrios, sitios y ciudadelas\"],\"inLanguage\":\"es\",\"potentialAction\":[{\"@type\":\"CommentAction\",\"name\":\"Comment\",\"target\":[\"https:\/\/online.com.ec\/fotosyvideos\/2025\/09\/01\/rodeo-montuvio-en-la-libertad-arenillas-2025\/#respond\"]}]},{\"@type\":\"WebPage\",\"@id\":\"https:\/\/online.com.ec\/fotosyvideos\/2025\/09\/01\/rodeo-montuvio-en-la-libertad-arenillas-2025\/\",\"url\":\"https:\/\/online.com.ec\/fotosyvideos\/2025\/09\/01\/rodeo-montuvio-en-la-libertad-arenillas-2025\/\",\"name\":\"Rodeo montuvio en la Libertad, Arenillas - 2025 - Fotos y videos OnLine\",\"isPartOf\":{\"@id\":\"https:\/\/online.com.ec\/fotosyvideos\/#website\"},\"primaryImageOfPage\":{\"@id\":\"https:\/\/online.com.ec\/fotosyvideos\/2025\/09\/01\/rodeo-montuvio-en-la-libertad-arenillas-2025\/#primaryimage\"},\"image\":{\"@id\":\"https:\/\/online.com.ec\/fotosyvideos\/2025\/09\/01\/rodeo-montuvio-en-la-libertad-arenillas-2025\/#primaryimage\"},\"thumbnailUrl\":\"https:\/\/online.com.ec\/fotosyvideos\/wp-content\/uploads\/sites\/2\/2025\/09\/nggallery_import\/DSC05880.jpg\",\"datePublished\":\"2025-09-01T02:47:56+00:00\",\"dateModified\":\"2025-09-01T02:49:59+00:00\",\"description\":\"Los ganadores son: 1er lugar Rancho Dom\u00e9nica, 23 puntos.2do lugar Rancho La Pradera, 13 puntos.3er lugar Rancho Alexa, 10 puntos.\",\"breadcrumb\":{\"@id\":\"https:\/\/online.com.ec\/fotosyvideos\/2025\/09\/01\/rodeo-montuvio-en-la-libertad-arenillas-2025\/#breadcrumb\"},\"inLanguage\":\"es\",\"potentialAction\":[{\"@type\":\"ReadAction\",\"target\":[\"https:\/\/online.com.ec\/fotosyvideos\/2025\/09\/01\/rodeo-montuvio-en-la-libertad-arenillas-2025\/\"]}]},{\"@type\":\"ImageObject\",\"inLanguage\":\"es\",\"@id\":\"https:\/\/online.com.ec\/fotosyvideos\/2025\/09\/01\/rodeo-montuvio-en-la-libertad-arenillas-2025\/#primaryimage\",\"url\":\"https:\/\/online.com.ec\/fotosyvideos\/wp-content\/uploads\/sites\/2\/2025\/09\/nggallery_import\/DSC05880.jpg\",\"contentUrl\":\"https:\/\/online.com.ec\/fotosyvideos\/wp-content\/uploads\/sites\/2\/2025\/09\/nggallery_import\/DSC05880.jpg\",\"width\":2048,\"height\":1152},{\"@type\":\"BreadcrumbList\",\"@id\":\"https:\/\/online.com.ec\/fotosyvideos\/2025\/09\/01\/rodeo-montuvio-en-la-libertad-arenillas-2025\/#breadcrumb\",\"itemListElement\":[{\"@type\":\"ListItem\",\"position\":1,\"name\":\"Portada\",\"item\":\"https:\/\/online.com.ec\/fotosyvideos\/\"},{\"@type\":\"ListItem\",\"position\":2,\"name\":\"Rodeo montuvio en la Libertad, Arenillas &#8211; 2025\"}]},{\"@type\":\"WebSite\",\"@id\":\"https:\/\/online.com.ec\/fotosyvideos\/#website\",\"url\":\"https:\/\/online.com.ec\/fotosyvideos\/\",\"name\":\"Fotos y videos OnLine\",\"description\":\"Venta de fotos digitales e impresas\",\"publisher\":{\"@id\":\"https:\/\/online.com.ec\/fotosyvideos\/#\/schema\/person\/1d49157f3af828889dd99d80413c7586\"},\"potentialAction\":[{\"@type\":\"SearchAction\",\"target\":{\"@type\":\"EntryPoint\",\"urlTemplate\":\"https:\/\/online.com.ec\/fotosyvideos\/?s={search_term_string}\"},\"query-input\":{\"@type\":\"PropertyValueSpecification\",\"valueRequired\":true,\"valueName\":\"search_term_string\"}}],\"inLanguage\":\"es\"},{\"@type\":[\"Person\",\"Organization\"],\"@id\":\"https:\/\/online.com.ec\/fotosyvideos\/#\/schema\/person\/1d49157f3af828889dd99d80413c7586\",\"name\":\"turcampo\",\"image\":{\"@type\":\"ImageObject\",\"inLanguage\":\"es\",\"@id\":\"https:\/\/online.com.ec\/fotosyvideos\/#\/schema\/person\/image\/\",\"url\":\"https:\/\/online.com.ec\/fotosyvideos\/wp-content\/uploads\/sites\/2\/2024\/05\/Logo-Fotos-y-videos-online-com-ec.png\",\"contentUrl\":\"https:\/\/online.com.ec\/fotosyvideos\/wp-content\/uploads\/sites\/2\/2024\/05\/Logo-Fotos-y-videos-online-com-ec.png\",\"width\":3238,\"height\":962,\"caption\":\"turcampo\"},\"logo\":{\"@id\":\"https:\/\/online.com.ec\/fotosyvideos\/#\/schema\/person\/image\/\"},\"url\":\"https:\/\/online.com.ec\/fotosyvideos\/author\/turcampo\/\"}]}<\/script>\n<!-- \/ Yoast SEO plugin. -->","yoast_head_json":{"title":"Rodeo montuvio en la Libertad, Arenillas - 2025 - Fotos y videos OnLine","description":"Los ganadores son: 1er lugar Rancho Dom\u00e9nica, 23 puntos.2do lugar Rancho La Pradera, 13 puntos.3er lugar Rancho Alexa, 10 puntos.","robots":{"index":"index","follow":"follow","max-snippet":"max-snippet:-1","max-image-preview":"max-image-preview:large","max-video-preview":"max-video-preview:-1"},"canonical":"https:\/\/online.com.ec\/fotosyvideos\/2025\/09\/01\/rodeo-montuvio-en-la-libertad-arenillas-2025\/","og_locale":"es_ES","og_type":"article","og_title":"Rodeo montuvio en la Libertad, Arenillas - 2025","og_description":"Los ganadores son: 1er lugar Rancho Dom\u00e9nica, 23 puntos.2do lugar Rancho La Pradera, 13 puntos.3er lugar Rancho Alexa, 10 puntos.","og_url":"https:\/\/online.com.ec\/fotosyvideos\/2025\/09\/01\/rodeo-montuvio-en-la-libertad-arenillas-2025\/","og_site_name":"Fotos y videos OnLine","article_published_time":"2025-09-01T02:47:56+00:00","article_modified_time":"2025-09-01T02:49:59+00:00","og_image":[{"width":1024,"height":576,"url":"https:\/\/online.com.ec\/fotosyvideos\/wp-content\/uploads\/sites\/2\/2025\/09\/nggallery_import\/DSC05880-1024x576.jpg","type":"image\/jpeg"}],"author":"turcampo","twitter_card":"summary_large_image","twitter_misc":{"Escrito por":"turcampo"},"schema":{"@context":"https:\/\/schema.org","@graph":[{"@type":"Article","@id":"https:\/\/online.com.ec\/fotosyvideos\/2025\/09\/01\/rodeo-montuvio-en-la-libertad-arenillas-2025\/#article","isPartOf":{"@id":"https:\/\/online.com.ec\/fotosyvideos\/2025\/09\/01\/rodeo-montuvio-en-la-libertad-arenillas-2025\/"},"author":{"name":"turcampo","@id":"https:\/\/online.com.ec\/fotosyvideos\/#\/schema\/person\/1d49157f3af828889dd99d80413c7586"},"headline":"Rodeo montuvio en la Libertad, Arenillas &#8211; 2025","datePublished":"2025-09-01T02:47:56+00:00","dateModified":"2025-09-01T02:49:59+00:00","mainEntityOfPage":{"@id":"https:\/\/online.com.ec\/fotosyvideos\/2025\/09\/01\/rodeo-montuvio-en-la-libertad-arenillas-2025\/"},"wordCount":59,"commentCount":0,"publisher":{"@id":"https:\/\/online.com.ec\/fotosyvideos\/#\/schema\/person\/1d49157f3af828889dd99d80413c7586"},"image":{"@id":"https:\/\/online.com.ec\/fotosyvideos\/2025\/09\/01\/rodeo-montuvio-en-la-libertad-arenillas-2025\/#primaryimage"},"thumbnailUrl":"https:\/\/online.com.ec\/fotosyvideos\/wp-content\/uploads\/sites\/2\/2025\/09\/nggallery_import\/DSC05880.jpg","keywords":["Arenillas","Caballos","El Oro","La Libertad","Rancho Alexa","Rancho Dom\u00e9nica","Rancho La Pradera","Rodeo montuvio"],"articleSection":["Celebraciones especiales","Fiestas de barrios, sitios y ciudadelas"],"inLanguage":"es","potentialAction":[{"@type":"CommentAction","name":"Comment","target":["https:\/\/online.com.ec\/fotosyvideos\/2025\/09\/01\/rodeo-montuvio-en-la-libertad-arenillas-2025\/#respond"]}]},{"@type":"WebPage","@id":"https:\/\/online.com.ec\/fotosyvideos\/2025\/09\/01\/rodeo-montuvio-en-la-libertad-arenillas-2025\/","url":"https:\/\/online.com.ec\/fotosyvideos\/2025\/09\/01\/rodeo-montuvio-en-la-libertad-arenillas-2025\/","name":"Rodeo montuvio en la Libertad, Arenillas - 2025 - Fotos y videos OnLine","isPartOf":{"@id":"https:\/\/online.com.ec\/fotosyvideos\/#website"},"primaryImageOfPage":{"@id":"https:\/\/online.com.ec\/fotosyvideos\/2025\/09\/01\/rodeo-montuvio-en-la-libertad-arenillas-2025\/#primaryimage"},"image":{"@id":"https:\/\/online.com.ec\/fotosyvideos\/2025\/09\/01\/rodeo-montuvio-en-la-libertad-arenillas-2025\/#primaryimage"},"thumbnailUrl":"https:\/\/online.com.ec\/fotosyvideos\/wp-content\/uploads\/sites\/2\/2025\/09\/nggallery_import\/DSC05880.jpg","datePublished":"2025-09-01T02:47:56+00:00","dateModified":"2025-09-01T02:49:59+00:00","description":"Los ganadores son: 1er lugar Rancho Dom\u00e9nica, 23 puntos.2do lugar Rancho La Pradera, 13 puntos.3er lugar Rancho Alexa, 10 puntos.","breadcrumb":{"@id":"https:\/\/online.com.ec\/fotosyvideos\/2025\/09\/01\/rodeo-montuvio-en-la-libertad-arenillas-2025\/#breadcrumb"},"inLanguage":"es","potentialAction":[{"@type":"ReadAction","target":["https:\/\/online.com.ec\/fotosyvideos\/2025\/09\/01\/rodeo-montuvio-en-la-libertad-arenillas-2025\/"]}]},{"@type":"ImageObject","inLanguage":"es","@id":"https:\/\/online.com.ec\/fotosyvideos\/2025\/09\/01\/rodeo-montuvio-en-la-libertad-arenillas-2025\/#primaryimage","url":"https:\/\/online.com.ec\/fotosyvideos\/wp-content\/uploads\/sites\/2\/2025\/09\/nggallery_import\/DSC05880.jpg","contentUrl":"https:\/\/online.com.ec\/fotosyvideos\/wp-content\/uploads\/sites\/2\/2025\/09\/nggallery_import\/DSC05880.jpg","width":2048,"height":1152},{"@type":"BreadcrumbList","@id":"https:\/\/online.com.ec\/fotosyvideos\/2025\/09\/01\/rodeo-montuvio-en-la-libertad-arenillas-2025\/#breadcrumb","itemListElement":[{"@type":"ListItem","position":1,"name":"Portada","item":"https:\/\/online.com.ec\/fotosyvideos\/"},{"@type":"ListItem","position":2,"name":"Rodeo montuvio en la Libertad, Arenillas &#8211; 2025"}]},{"@type":"WebSite","@id":"https:\/\/online.com.ec\/fotosyvideos\/#website","url":"https:\/\/online.com.ec\/fotosyvideos\/","name":"Fotos y videos OnLine","description":"Venta de fotos digitales e impresas","publisher":{"@id":"https:\/\/online.com.ec\/fotosyvideos\/#\/schema\/person\/1d49157f3af828889dd99d80413c7586"},"potentialAction":[{"@type":"SearchAction","target":{"@type":"EntryPoint","urlTemplate":"https:\/\/online.com.ec\/fotosyvideos\/?s={search_term_string}"},"query-input":{"@type":"PropertyValueSpecification","valueRequired":true,"valueName":"search_term_string"}}],"inLanguage":"es"},{"@type":["Person","Organization"],"@id":"https:\/\/online.com.ec\/fotosyvideos\/#\/schema\/person\/1d49157f3af828889dd99d80413c7586","name":"turcampo","image":{"@type":"ImageObject","inLanguage":"es","@id":"https:\/\/online.com.ec\/fotosyvideos\/#\/schema\/person\/image\/","url":"https:\/\/online.com.ec\/fotosyvideos\/wp-content\/uploads\/sites\/2\/2024\/05\/Logo-Fotos-y-videos-online-com-ec.png","contentUrl":"https:\/\/online.com.ec\/fotosyvideos\/wp-content\/uploads\/sites\/2\/2024\/05\/Logo-Fotos-y-videos-online-com-ec.png","width":3238,"height":962,"caption":"turcampo"},"logo":{"@id":"https:\/\/online.com.ec\/fotosyvideos\/#\/schema\/person\/image\/"},"url":"https:\/\/online.com.ec\/fotosyvideos\/author\/turcampo\/"}]}},"_links":{"self":[{"href":"https:\/\/online.com.ec\/fotosyvideos\/wp-json\/wp\/v2\/posts\/4104","targetHints":{"allow":["GET"]}}],"collection":[{"href":"https:\/\/online.com.ec\/fotosyvideos\/wp-json\/wp\/v2\/posts"}],"about":[{"href":"https:\/\/online.com.ec\/fotosyvideos\/wp-json\/wp\/v2\/types\/post"}],"author":[{"embeddable":true,"href":"https:\/\/online.com.ec\/fotosyvideos\/wp-json\/wp\/v2\/users\/2"}],"replies":[{"embeddable":true,"href":"https:\/\/online.com.ec\/fotosyvideos\/wp-json\/wp\/v2\/comments?post=4104"}],"version-history":[{"count":1,"href":"https:\/\/online.com.ec\/fotosyvideos\/wp-json\/wp\/v2\/posts\/4104\/revisions"}],"predecessor-version":[{"id":4106,"href":"https:\/\/online.com.ec\/fotosyvideos\/wp-json\/wp\/v2\/posts\/4104\/revisions\/4106"}],"wp:featuredmedia":[{"embeddable":true,"href":"https:\/\/online.com.ec\/fotosyvideos\/wp-json\/wp\/v2\/media\/4105"}],"wp:attachment":[{"href":"https:\/\/online.com.ec\/fotosyvideos\/wp-json\/wp\/v2\/media?parent=4104"}],"wp:term":[{"taxonomy":"category","embeddable":true,"href":"https:\/\/online.com.ec\/fotosyvideos\/wp-json\/wp\/v2\/categories?post=4104"},{"taxonomy":"post_tag","embeddable":true,"href":"https:\/\/online.com.ec\/fotosyvideos\/wp-json\/wp\/v2\/tags?post=4104"}],"curies":[{"name":"wp","href":"https:\/\/api.w.org\/{rel}","templated":true}]}}