{"id":3979,"date":"2025-06-14T23:39:00","date_gmt":"2025-06-14T21:39:00","guid":{"rendered":"https:\/\/online.com.ec\/fotosyvideos\/?p=3979"},"modified":"2025-09-01T04:49:30","modified_gmt":"2025-09-01T02:49:30","slug":"celebracion-del-dia-del-padre-en-los-guayacanes-2025","status":"publish","type":"post","link":"https:\/\/online.com.ec\/fotosyvideos\/2025\/06\/14\/celebracion-del-dia-del-padre-en-los-guayacanes-2025\/","title":{"rendered":"Celebraci\u00f3n del D\u00eda del Padre en Los Guayacanes &#8211; 2025"},"content":{"rendered":"\n<p>Marco Ram\u00f3n fue elegido Padre S\u00edmbolo. <\/p>\n\n\n\nngg_shortcode_0_placeholder\n","protected":false},"excerpt":{"rendered":"<p>Marco Ram\u00f3n fue elegido Padre S\u00edmbolo.<\/p>\n","protected":false},"author":2,"featured_media":3982,"comment_status":"open","ping_status":"open","sticky":false,"template":"","format":"standard","meta":{"ngg_post_thumbnail":3350,"footnotes":""},"categories":[29,1],"tags":[67,54],"class_list":["post-3979","post","type-post","status-publish","format-standard","has-post-thumbnail","hentry","category-celebraciones-especiales","category-sin-categoria","tag-dia-del-padre","tag-los-guayacanes"],"yoast_head":"<!-- This site is optimized with the Yoast SEO plugin v25.6 - https:\/\/yoast.com\/wordpress\/plugins\/seo\/ -->\n<title>Celebraci\u00f3n del D\u00eda del Padre en Los Guayacanes - 2025 - Fotos y videos OnLine<\/title>\n<meta name=\"description\" content=\"Marco Ram\u00f3n del sitio Los Guayacanes fue elegido Padre S\u00edmbolo\" \/>\n<meta name=\"robots\" content=\"index, follow, max-snippet:-1, max-image-preview:large, max-video-preview:-1\" \/>\n<link rel=\"canonical\" href=\"https:\/\/online.com.ec\/fotosyvideos\/2025\/06\/14\/celebracion-del-dia-del-padre-en-los-guayacanes-2025\/\" \/>\n<meta property=\"og:locale\" content=\"es_ES\" \/>\n<meta property=\"og:type\" content=\"article\" \/>\n<meta property=\"og:title\" content=\"Celebraci\u00f3n del D\u00eda del Padre en Los Guayacanes - 2025\" \/>\n<meta property=\"og:description\" content=\"Marco Ram\u00f3n del sitio Los Guayacanes fue elegido Padre S\u00edmbolo\" \/>\n<meta property=\"og:url\" content=\"https:\/\/online.com.ec\/fotosyvideos\/2025\/06\/14\/celebracion-del-dia-del-padre-en-los-guayacanes-2025\/\" \/>\n<meta property=\"og:site_name\" content=\"Fotos y videos OnLine\" \/>\n<meta property=\"article:published_time\" content=\"2025-06-14T21:39:00+00:00\" \/>\n<meta property=\"article:modified_time\" content=\"2025-09-01T02:49:30+00:00\" \/>\n<meta property=\"og:image\" content=\"https:\/\/online.com.ec\/fotosyvideos\/wp-content\/uploads\/sites\/2\/2025\/06\/nggallery_import\/Portada-padre-simbolo-769x1024.jpg\" \/>\n\t<meta property=\"og:image:width\" content=\"769\" \/>\n\t<meta property=\"og:image:height\" content=\"1024\" \/>\n\t<meta property=\"og:image:type\" content=\"image\/jpeg\" \/>\n<meta name=\"author\" content=\"turcampo\" \/>\n<meta name=\"twitter:card\" content=\"summary_large_image\" \/>\n<meta name=\"twitter:label1\" content=\"Escrito por\" \/>\n\t<meta name=\"twitter:data1\" content=\"turcampo\" \/>\n\t<meta name=\"twitter:label2\" content=\"Tiempo de lectura\" \/>\n\t<meta name=\"twitter:data2\" content=\"1 minuto\" \/>\n<script type=\"application\/ld+json\" class=\"yoast-schema-graph\">{\"@context\":\"https:\/\/schema.org\",\"@graph\":[{\"@type\":\"Article\",\"@id\":\"https:\/\/online.com.ec\/fotosyvideos\/2025\/06\/14\/celebracion-del-dia-del-padre-en-los-guayacanes-2025\/#article\",\"isPartOf\":{\"@id\":\"https:\/\/online.com.ec\/fotosyvideos\/2025\/06\/14\/celebracion-del-dia-del-padre-en-los-guayacanes-2025\/\"},\"author\":{\"name\":\"turcampo\",\"@id\":\"https:\/\/online.com.ec\/fotosyvideos\/#\/schema\/person\/1d49157f3af828889dd99d80413c7586\"},\"headline\":\"Celebraci\u00f3n del D\u00eda del Padre en Los Guayacanes &#8211; 2025\",\"datePublished\":\"2025-06-14T21:39:00+00:00\",\"dateModified\":\"2025-09-01T02:49:30+00:00\",\"mainEntityOfPage\":{\"@id\":\"https:\/\/online.com.ec\/fotosyvideos\/2025\/06\/14\/celebracion-del-dia-del-padre-en-los-guayacanes-2025\/\"},\"wordCount\":26,\"commentCount\":0,\"publisher\":{\"@id\":\"https:\/\/online.com.ec\/fotosyvideos\/#\/schema\/person\/1d49157f3af828889dd99d80413c7586\"},\"image\":{\"@id\":\"https:\/\/online.com.ec\/fotosyvideos\/2025\/06\/14\/celebracion-del-dia-del-padre-en-los-guayacanes-2025\/#primaryimage\"},\"thumbnailUrl\":\"https:\/\/online.com.ec\/fotosyvideos\/wp-content\/uploads\/sites\/2\/2025\/06\/nggallery_import\/Portada-padre-simbolo.jpg\",\"keywords\":[\"D\u00eda del padre\",\"Los Guayacanes\"],\"articleSection\":[\"Celebraciones especiales\"],\"inLanguage\":\"es\",\"potentialAction\":[{\"@type\":\"CommentAction\",\"name\":\"Comment\",\"target\":[\"https:\/\/online.com.ec\/fotosyvideos\/2025\/06\/14\/celebracion-del-dia-del-padre-en-los-guayacanes-2025\/#respond\"]}]},{\"@type\":\"WebPage\",\"@id\":\"https:\/\/online.com.ec\/fotosyvideos\/2025\/06\/14\/celebracion-del-dia-del-padre-en-los-guayacanes-2025\/\",\"url\":\"https:\/\/online.com.ec\/fotosyvideos\/2025\/06\/14\/celebracion-del-dia-del-padre-en-los-guayacanes-2025\/\",\"name\":\"Celebraci\u00f3n del D\u00eda del Padre en Los Guayacanes - 2025 - Fotos y videos OnLine\",\"isPartOf\":{\"@id\":\"https:\/\/online.com.ec\/fotosyvideos\/#website\"},\"primaryImageOfPage\":{\"@id\":\"https:\/\/online.com.ec\/fotosyvideos\/2025\/06\/14\/celebracion-del-dia-del-padre-en-los-guayacanes-2025\/#primaryimage\"},\"image\":{\"@id\":\"https:\/\/online.com.ec\/fotosyvideos\/2025\/06\/14\/celebracion-del-dia-del-padre-en-los-guayacanes-2025\/#primaryimage\"},\"thumbnailUrl\":\"https:\/\/online.com.ec\/fotosyvideos\/wp-content\/uploads\/sites\/2\/2025\/06\/nggallery_import\/Portada-padre-simbolo.jpg\",\"datePublished\":\"2025-06-14T21:39:00+00:00\",\"dateModified\":\"2025-09-01T02:49:30+00:00\",\"description\":\"Marco Ram\u00f3n del sitio Los Guayacanes fue elegido Padre S\u00edmbolo\",\"breadcrumb\":{\"@id\":\"https:\/\/online.com.ec\/fotosyvideos\/2025\/06\/14\/celebracion-del-dia-del-padre-en-los-guayacanes-2025\/#breadcrumb\"},\"inLanguage\":\"es\",\"potentialAction\":[{\"@type\":\"ReadAction\",\"target\":[\"https:\/\/online.com.ec\/fotosyvideos\/2025\/06\/14\/celebracion-del-dia-del-padre-en-los-guayacanes-2025\/\"]}]},{\"@type\":\"ImageObject\",\"inLanguage\":\"es\",\"@id\":\"https:\/\/online.com.ec\/fotosyvideos\/2025\/06\/14\/celebracion-del-dia-del-padre-en-los-guayacanes-2025\/#primaryimage\",\"url\":\"https:\/\/online.com.ec\/fotosyvideos\/wp-content\/uploads\/sites\/2\/2025\/06\/nggallery_import\/Portada-padre-simbolo.jpg\",\"contentUrl\":\"https:\/\/online.com.ec\/fotosyvideos\/wp-content\/uploads\/sites\/2\/2025\/06\/nggallery_import\/Portada-padre-simbolo.jpg\",\"width\":1538,\"height\":2048},{\"@type\":\"BreadcrumbList\",\"@id\":\"https:\/\/online.com.ec\/fotosyvideos\/2025\/06\/14\/celebracion-del-dia-del-padre-en-los-guayacanes-2025\/#breadcrumb\",\"itemListElement\":[{\"@type\":\"ListItem\",\"position\":1,\"name\":\"Portada\",\"item\":\"https:\/\/online.com.ec\/fotosyvideos\/\"},{\"@type\":\"ListItem\",\"position\":2,\"name\":\"Celebraci\u00f3n del D\u00eda del Padre en Los Guayacanes &#8211; 2025\"}]},{\"@type\":\"WebSite\",\"@id\":\"https:\/\/online.com.ec\/fotosyvideos\/#website\",\"url\":\"https:\/\/online.com.ec\/fotosyvideos\/\",\"name\":\"Fotos y videos OnLine\",\"description\":\"Venta de fotos digitales e impresas\",\"publisher\":{\"@id\":\"https:\/\/online.com.ec\/fotosyvideos\/#\/schema\/person\/1d49157f3af828889dd99d80413c7586\"},\"potentialAction\":[{\"@type\":\"SearchAction\",\"target\":{\"@type\":\"EntryPoint\",\"urlTemplate\":\"https:\/\/online.com.ec\/fotosyvideos\/?s={search_term_string}\"},\"query-input\":{\"@type\":\"PropertyValueSpecification\",\"valueRequired\":true,\"valueName\":\"search_term_string\"}}],\"inLanguage\":\"es\"},{\"@type\":[\"Person\",\"Organization\"],\"@id\":\"https:\/\/online.com.ec\/fotosyvideos\/#\/schema\/person\/1d49157f3af828889dd99d80413c7586\",\"name\":\"turcampo\",\"image\":{\"@type\":\"ImageObject\",\"inLanguage\":\"es\",\"@id\":\"https:\/\/online.com.ec\/fotosyvideos\/#\/schema\/person\/image\/\",\"url\":\"https:\/\/online.com.ec\/fotosyvideos\/wp-content\/uploads\/sites\/2\/2024\/05\/Logo-Fotos-y-videos-online-com-ec.png\",\"contentUrl\":\"https:\/\/online.com.ec\/fotosyvideos\/wp-content\/uploads\/sites\/2\/2024\/05\/Logo-Fotos-y-videos-online-com-ec.png\",\"width\":3238,\"height\":962,\"caption\":\"turcampo\"},\"logo\":{\"@id\":\"https:\/\/online.com.ec\/fotosyvideos\/#\/schema\/person\/image\/\"},\"url\":\"https:\/\/online.com.ec\/fotosyvideos\/author\/turcampo\/\"}]}<\/script>\n<!-- \/ Yoast SEO plugin. -->","yoast_head_json":{"title":"Celebraci\u00f3n del D\u00eda del Padre en Los Guayacanes - 2025 - Fotos y videos OnLine","description":"Marco Ram\u00f3n del sitio Los Guayacanes fue elegido Padre S\u00edmbolo","robots":{"index":"index","follow":"follow","max-snippet":"max-snippet:-1","max-image-preview":"max-image-preview:large","max-video-preview":"max-video-preview:-1"},"canonical":"https:\/\/online.com.ec\/fotosyvideos\/2025\/06\/14\/celebracion-del-dia-del-padre-en-los-guayacanes-2025\/","og_locale":"es_ES","og_type":"article","og_title":"Celebraci\u00f3n del D\u00eda del Padre en Los Guayacanes - 2025","og_description":"Marco Ram\u00f3n del sitio Los Guayacanes fue elegido Padre S\u00edmbolo","og_url":"https:\/\/online.com.ec\/fotosyvideos\/2025\/06\/14\/celebracion-del-dia-del-padre-en-los-guayacanes-2025\/","og_site_name":"Fotos y videos OnLine","article_published_time":"2025-06-14T21:39:00+00:00","article_modified_time":"2025-09-01T02:49:30+00:00","og_image":[{"width":769,"height":1024,"url":"https:\/\/online.com.ec\/fotosyvideos\/wp-content\/uploads\/sites\/2\/2025\/06\/nggallery_import\/Portada-padre-simbolo-769x1024.jpg","type":"image\/jpeg"}],"author":"turcampo","twitter_card":"summary_large_image","twitter_misc":{"Escrito por":"turcampo","Tiempo de lectura":"1 minuto"},"schema":{"@context":"https:\/\/schema.org","@graph":[{"@type":"Article","@id":"https:\/\/online.com.ec\/fotosyvideos\/2025\/06\/14\/celebracion-del-dia-del-padre-en-los-guayacanes-2025\/#article","isPartOf":{"@id":"https:\/\/online.com.ec\/fotosyvideos\/2025\/06\/14\/celebracion-del-dia-del-padre-en-los-guayacanes-2025\/"},"author":{"name":"turcampo","@id":"https:\/\/online.com.ec\/fotosyvideos\/#\/schema\/person\/1d49157f3af828889dd99d80413c7586"},"headline":"Celebraci\u00f3n del D\u00eda del Padre en Los Guayacanes &#8211; 2025","datePublished":"2025-06-14T21:39:00+00:00","dateModified":"2025-09-01T02:49:30+00:00","mainEntityOfPage":{"@id":"https:\/\/online.com.ec\/fotosyvideos\/2025\/06\/14\/celebracion-del-dia-del-padre-en-los-guayacanes-2025\/"},"wordCount":26,"commentCount":0,"publisher":{"@id":"https:\/\/online.com.ec\/fotosyvideos\/#\/schema\/person\/1d49157f3af828889dd99d80413c7586"},"image":{"@id":"https:\/\/online.com.ec\/fotosyvideos\/2025\/06\/14\/celebracion-del-dia-del-padre-en-los-guayacanes-2025\/#primaryimage"},"thumbnailUrl":"https:\/\/online.com.ec\/fotosyvideos\/wp-content\/uploads\/sites\/2\/2025\/06\/nggallery_import\/Portada-padre-simbolo.jpg","keywords":["D\u00eda del padre","Los Guayacanes"],"articleSection":["Celebraciones especiales"],"inLanguage":"es","potentialAction":[{"@type":"CommentAction","name":"Comment","target":["https:\/\/online.com.ec\/fotosyvideos\/2025\/06\/14\/celebracion-del-dia-del-padre-en-los-guayacanes-2025\/#respond"]}]},{"@type":"WebPage","@id":"https:\/\/online.com.ec\/fotosyvideos\/2025\/06\/14\/celebracion-del-dia-del-padre-en-los-guayacanes-2025\/","url":"https:\/\/online.com.ec\/fotosyvideos\/2025\/06\/14\/celebracion-del-dia-del-padre-en-los-guayacanes-2025\/","name":"Celebraci\u00f3n del D\u00eda del Padre en Los Guayacanes - 2025 - Fotos y videos OnLine","isPartOf":{"@id":"https:\/\/online.com.ec\/fotosyvideos\/#website"},"primaryImageOfPage":{"@id":"https:\/\/online.com.ec\/fotosyvideos\/2025\/06\/14\/celebracion-del-dia-del-padre-en-los-guayacanes-2025\/#primaryimage"},"image":{"@id":"https:\/\/online.com.ec\/fotosyvideos\/2025\/06\/14\/celebracion-del-dia-del-padre-en-los-guayacanes-2025\/#primaryimage"},"thumbnailUrl":"https:\/\/online.com.ec\/fotosyvideos\/wp-content\/uploads\/sites\/2\/2025\/06\/nggallery_import\/Portada-padre-simbolo.jpg","datePublished":"2025-06-14T21:39:00+00:00","dateModified":"2025-09-01T02:49:30+00:00","description":"Marco Ram\u00f3n del sitio Los Guayacanes fue elegido Padre S\u00edmbolo","breadcrumb":{"@id":"https:\/\/online.com.ec\/fotosyvideos\/2025\/06\/14\/celebracion-del-dia-del-padre-en-los-guayacanes-2025\/#breadcrumb"},"inLanguage":"es","potentialAction":[{"@type":"ReadAction","target":["https:\/\/online.com.ec\/fotosyvideos\/2025\/06\/14\/celebracion-del-dia-del-padre-en-los-guayacanes-2025\/"]}]},{"@type":"ImageObject","inLanguage":"es","@id":"https:\/\/online.com.ec\/fotosyvideos\/2025\/06\/14\/celebracion-del-dia-del-padre-en-los-guayacanes-2025\/#primaryimage","url":"https:\/\/online.com.ec\/fotosyvideos\/wp-content\/uploads\/sites\/2\/2025\/06\/nggallery_import\/Portada-padre-simbolo.jpg","contentUrl":"https:\/\/online.com.ec\/fotosyvideos\/wp-content\/uploads\/sites\/2\/2025\/06\/nggallery_import\/Portada-padre-simbolo.jpg","width":1538,"height":2048},{"@type":"BreadcrumbList","@id":"https:\/\/online.com.ec\/fotosyvideos\/2025\/06\/14\/celebracion-del-dia-del-padre-en-los-guayacanes-2025\/#breadcrumb","itemListElement":[{"@type":"ListItem","position":1,"name":"Portada","item":"https:\/\/online.com.ec\/fotosyvideos\/"},{"@type":"ListItem","position":2,"name":"Celebraci\u00f3n del D\u00eda del Padre en Los Guayacanes &#8211; 2025"}]},{"@type":"WebSite","@id":"https:\/\/online.com.ec\/fotosyvideos\/#website","url":"https:\/\/online.com.ec\/fotosyvideos\/","name":"Fotos y videos OnLine","description":"Venta de fotos digitales e impresas","publisher":{"@id":"https:\/\/online.com.ec\/fotosyvideos\/#\/schema\/person\/1d49157f3af828889dd99d80413c7586"},"potentialAction":[{"@type":"SearchAction","target":{"@type":"EntryPoint","urlTemplate":"https:\/\/online.com.ec\/fotosyvideos\/?s={search_term_string}"},"query-input":{"@type":"PropertyValueSpecification","valueRequired":true,"valueName":"search_term_string"}}],"inLanguage":"es"},{"@type":["Person","Organization"],"@id":"https:\/\/online.com.ec\/fotosyvideos\/#\/schema\/person\/1d49157f3af828889dd99d80413c7586","name":"turcampo","image":{"@type":"ImageObject","inLanguage":"es","@id":"https:\/\/online.com.ec\/fotosyvideos\/#\/schema\/person\/image\/","url":"https:\/\/online.com.ec\/fotosyvideos\/wp-content\/uploads\/sites\/2\/2024\/05\/Logo-Fotos-y-videos-online-com-ec.png","contentUrl":"https:\/\/online.com.ec\/fotosyvideos\/wp-content\/uploads\/sites\/2\/2024\/05\/Logo-Fotos-y-videos-online-com-ec.png","width":3238,"height":962,"caption":"turcampo"},"logo":{"@id":"https:\/\/online.com.ec\/fotosyvideos\/#\/schema\/person\/image\/"},"url":"https:\/\/online.com.ec\/fotosyvideos\/author\/turcampo\/"}]}},"_links":{"self":[{"href":"https:\/\/online.com.ec\/fotosyvideos\/wp-json\/wp\/v2\/posts\/3979","targetHints":{"allow":["GET"]}}],"collection":[{"href":"https:\/\/online.com.ec\/fotosyvideos\/wp-json\/wp\/v2\/posts"}],"about":[{"href":"https:\/\/online.com.ec\/fotosyvideos\/wp-json\/wp\/v2\/types\/post"}],"author":[{"embeddable":true,"href":"https:\/\/online.com.ec\/fotosyvideos\/wp-json\/wp\/v2\/users\/2"}],"replies":[{"embeddable":true,"href":"https:\/\/online.com.ec\/fotosyvideos\/wp-json\/wp\/v2\/comments?post=3979"}],"version-history":[{"count":2,"href":"https:\/\/online.com.ec\/fotosyvideos\/wp-json\/wp\/v2\/posts\/3979\/revisions"}],"predecessor-version":[{"id":3983,"href":"https:\/\/online.com.ec\/fotosyvideos\/wp-json\/wp\/v2\/posts\/3979\/revisions\/3983"}],"wp:featuredmedia":[{"embeddable":true,"href":"https:\/\/online.com.ec\/fotosyvideos\/wp-json\/wp\/v2\/media\/3982"}],"wp:attachment":[{"href":"https:\/\/online.com.ec\/fotosyvideos\/wp-json\/wp\/v2\/media?parent=3979"}],"wp:term":[{"taxonomy":"category","embeddable":true,"href":"https:\/\/online.com.ec\/fotosyvideos\/wp-json\/wp\/v2\/categories?post=3979"},{"taxonomy":"post_tag","embeddable":true,"href":"https:\/\/online.com.ec\/fotosyvideos\/wp-json\/wp\/v2\/tags?post=3979"}],"curies":[{"name":"wp","href":"https:\/\/api.w.org\/{rel}","templated":true}]}}